{"id":724,"date":"2021-10-30T09:46:13","date_gmt":"2021-10-30T07:46:13","guid":{"rendered":"https:\/\/www.famigliapaolina.net\/preghierapaolina\/salmo-invitatorio\/"},"modified":"2021-12-28T16:57:23","modified_gmt":"2021-12-28T15:57:23","slug":"salmo-invitatorio","status":"publish","type":"post","link":"https:\/\/www.famigliapaolina.net\/preghierapaolina\/salmo-invitatorio\/?lang=es","title":{"rendered":"Salmo invitatorio"},"content":{"rendered":"<p><span style=\"color: #800000;\">La ant\u00edfona es la indicada en el propio.<\/span><\/p>\n<p><span style=\"color: #800000;\"><strong>Salmo 94<\/strong><\/span><\/p>\n<p><span style=\"color: #800000;\"><em>Invitaci\u00f3n a la alabanza divina<\/em><\/span><\/p>\n<p><em>Animaos los unos a los otros, d\u00eda tras d\u00eda, mientras dure este \u00abhoy\u00bb (Hb 3, 13)<\/em><\/p>\n<p>Venid, aclamemos al Se\u00f1or,<br \/>\ndemos v\u00edtores a la Roca que nos salva;<br \/>\nentremos en su presencia d\u00e1ndole gracias,<br \/>\naclam\u00e1ndolo con cantos. <span style=\"color: #800000;\">(Ant.)<\/span><\/p>\n<p>Porque el Se\u00f1or es un Dios grande, soberano de todos los dioses:<br \/>\ntiene en su mano las simas de la tierra,<br \/>\nson suyas las cumbres de los montes;<br \/>\nsuyo es el mar, porque \u00e9l lo hizo,<br \/>\nla tierra firme que modelaron sus manos. <span style=\"color: #800000;\">(Ant.)<\/span><\/p>\n<p>Entrad, postr\u00e9monos por tierra,<br \/>\nbendiciendo al Se\u00f1or, creador nuestro.<br \/>\nPorque \u00e9l es nuestro Dios,<br \/>\ny nosotros su pueblo, el reba\u00f1o que \u00e9l gu\u00eda. <span style=\"color: #800000;\">(Ant.)<\/span><\/p>\n<p>Ojal\u00e1 escuch\u00e9is hoy su voz:<br \/>\n\u00abNo endurezc\u00e1is el coraz\u00f3n como en Merib\u00e1,<br \/>\ncomo el d\u00eda de Mas\u00e1 en el desierto;<br \/>\ncuando vuestros padres me pusieron a prueba y me tentaron,<br \/>\naunque hab\u00edan visto mis obras. <span style=\"color: #800000;\">(Ant.)<\/span><\/p>\n<p>Durante cuarenta a\u00f1os aquella generaci\u00f3n me asque\u00f3,<br \/>\ny dije: \u201cEs un pueblo de coraz\u00f3n extraviado, que no reconoce mi camino;<br \/>\npor eso he jurado en mi c\u00f3lera<br \/>\nque no entrar\u00e1n en mi descanso.\u201d\u00bb <span style=\"color: #800000;\">(Ant.)<\/span><\/p>\n<p>Gloria al Padre, y al Hijo, y al Esp\u00edritu Santo.<br \/>\nComo era en el principio, ahora y siempre,<br \/>\npor los siglos de los siglos. Am\u00e9n. <span style=\"color: #800000;\">(Ant.)<\/span><\/p>\n<p>&nbsp;<\/p>\n<p>&nbsp;<\/p>\n<p><span style=\"color: #800000;\">El salmo 94 puede ser sustituido por el 99, el 66 \u00f3 el 23:<\/span><\/p>\n<p>&nbsp;<\/p>\n<p><span style=\"color: #800000;\"><strong>SALMO 99<\/strong>\u00a0<\/span><\/p>\n<p><span style=\"color: #800000;\"><em>Alegr\u00eda de los que entran en el templo<\/em><\/span><\/p>\n<p><em>El Se\u00f1or manda que los redimidos entonen un himno de victoria (S. Atanasio)<\/em><\/p>\n<p>Aclama al Se\u00f1or, tierra entera,<br \/>\nservid al Se\u00f1or con alegr\u00eda,<br \/>\nentrad en su presencia con v\u00edtores. <span style=\"color: #800000;\">(Ant.)<\/span><\/p>\n<p>Sabed que el Se\u00f1or es Dios:<br \/>\nque \u00e9l nos hizo y somos suyos,<br \/>\nsu pueblo y ovejas de su reba\u00f1o. <span style=\"color: #800000;\"> (Ant.)<\/span><\/p>\n<p>Entrad por sus puertas con acci\u00f3n de gracias,<br \/>\npor sus atrios con himnos,<br \/>\nd\u00e1ndole gracias y bendiciendo su nombre:<span style=\"color: #800000;\"> (Aut.)<\/span><\/p>\n<p>\u00abEl Se\u00f1or es bueno,<br \/>\nsu misericordia es eterna,<br \/>\nsu fidelidad por todas las edades.\u00bb <span style=\"color: #800000;\">(Ant.)<\/span><\/p>\n<p>Gloria al Padre, y al Hijo, y al Esp\u00edritu Santo.<br \/>\nComo era en el principio, ahora y siempre,<br \/>\npor los siglos de los siglos. Am\u00e9n. <span style=\"color: #800000;\">(Ant.)<\/span><\/p>\n<p>&nbsp;<\/p>\n<p><span style=\"color: #800000;\"><strong>SALMO 66\u00a0<\/strong><\/span><\/p>\n<p><span style=\"color: #800000;\"><em>Que todos los pueblos alaben al Se\u00f1or<\/em><\/span><\/p>\n<p><em>Sabed que la salvaci\u00f3n de Dios se env\u00eda a los gentiles (Hch 28, 28)<\/em><\/p>\n<p>&nbsp;<\/p>\n<p>El Se\u00f1or tenga piedad y nos bendiga,<br \/>\nilumine su rostro sobre nosotros;<br \/>\nconozca la tierra tus caminos,<br \/>\ntodos los pueblos tu salvaci\u00f3n.<span style=\"color: #800000;\"> (Ant.)<\/span><\/p>\n<p>Oh Dios, que te alaben los pueblos,<br \/>\nque todos los pueblos te alaben.<span style=\"color: #800000;\"> (Ant.)<\/span><\/p>\n<p>Que canten de alegr\u00eda las naciones,<br \/>\nporque riges el mundo con justicia,<br \/>\nriges los pueblos con rectitud<br \/>\ny gobiernas las naciones de la tierra.<span style=\"color: #800000;\"> (Ant.)<\/span><\/p>\n<p>Oh Dios, que te alaben los pueblos,<br \/>\nque todos los pueblos te alaben.<span style=\"color: #800000;\"> (Ant.)<\/span><\/p>\n<p>La tierra ha dado su fruto,<br \/>\nnos bendice el Se\u00f1or, nuestro Dios.<br \/>\nQue Dios nos bendiga;<br \/>\nque le teman hasta los confines del orbe.<span style=\"color: #800000;\">(Ant.)<\/span><\/p>\n<p>Gloria al Padre, y al Hijo, y al Esp\u00edritu Santo.<br \/>\nComo era en el principio, ahora y siempre,<br \/>\nPor los siglos de los siglos. Am\u00e9n.<span style=\"color: #800000;\">(Ant.)<\/span><\/p>\n<p>&nbsp;<\/p>\n<p><span style=\"color: #800000;\"><strong>SALMO 23\u00a0<\/strong><\/span><\/p>\n<p><span style=\"color: #800000;\"><em>Entrada solemne de Dios en su templo<\/em><\/span><\/p>\n<p><em>Las puertas del cielo se abren ante Cristo que, como hombre, sube al cielo (S. Ireneo)<\/em><\/p>\n<p>Del Se\u00f1or es la tierra y cuanto la llena,<br \/>\nel orbe y todos sus habitantes:<br \/>\n\u00e9l la fund\u00f3 sobre los mares,<br \/>\n\u00e9l la afianz\u00f3 sobre los r\u00edos. <span style=\"color: #800000;\">(Ant.)<\/span><\/p>\n<p>\u2014\u00bfQui\u00e9n puede subir al monte del Se\u00f1or?<br \/>\n\u00bfQui\u00e9n puede estar en el recinto sacro?<span style=\"color: #800000;\"> (Ant.)<\/span><\/p>\n<p>El hombre de manos inocentes y puro coraz\u00f3n,<br \/>\nque no conf\u00eda en los \u00eddolos ni jura contra el pr\u00f3jimo en falso.<br \/>\n\u00c9se recibir\u00e1 la bendici\u00f3n del Se\u00f1or,<br \/>\nle har\u00e1 justicia el Dios de salvaci\u00f3n .<span style=\"color: #800000;\"> (Ant.)<\/span><\/p>\n<p>\u2014 \u00c9ste es el grupo que busca al Se\u00f1or,<br \/>\nque viene a tu presencia, Dios de Jacob. <span style=\"color: #800000; font-size: inherit;\">(Ant.)<\/span><\/p>\n<p>\u00a1Portones!, alzad los dinteles,<br \/>\nque se alcen las antiguas compuertas:<br \/>\nva a entrar el Rey de la gloria. <span style=\"color: #800000;\">(Ant.)<\/span><\/p>\n<p>\u2014\u00bfQui\u00e9n es ese Rey de la gloria?<br \/>\n\u2014El Se\u00f1or, h\u00e9roe valeroso; el Se\u00f1or, h\u00e9roe de la guerra. <span style=\"color: #800000;\">(Ant.)<\/span><\/p>\n<p>\u00a1Portones!, alzad los dientes,<br \/>\nque se alcen las antiguas compuertas:<br \/>\nva a entrar el Rey de la gloria. <span style=\"color: #800000;\">(Ant.)<\/span><\/p>\n<p>\u2014\u00bfQui\u00e9n es ese Rey de la gloria?<br \/>\n\u2014El Se\u00f1or, Dios de los ej\u00e9rcitos.<br \/>\n\u00c9l es el Rey de la gloria. <span style=\"color: #800000;\">(Ant.)<\/span><\/p>\n<p>Gloria al Padre, y al Hijo, y al Esp\u00edritu Santo.<br \/>\nComo era en el principio, ahora y siempre,<br \/>\npor los siglos de los siglos. Am\u00e9n. <span style=\"color: #800000;\">(Ant.)<\/span><\/p>\n","protected":false},"excerpt":{"rendered":"<p>La ant\u00edfona es la indicada en el propio. Salmo 94 Invitaci\u00f3n a la alabanza divina Animaos los unos a los otros, d\u00eda tras d\u00eda, mientras dure este \u00abhoy\u00bb (Hb 3, 13) Venid, aclamemos al Se\u00f1or, demos v\u00edtores a la Roca que nos salva; entremos en su presencia d\u00e1ndole gracias, aclam\u00e1ndolo con cantos. (Ant.) Porque el Se\u00f1or es un Dios grande, soberano de todos los dioses: &hellip; <a href=\"https:\/\/www.famigliapaolina.net\/preghierapaolina\/salmo-invitatorio\/?lang=es\" class=\"more-link\">Continua a leggere <span class=\"screen-reader-text\">Salmo invitatorio<\/span> <span class=\"meta-nav\">&raquo;<\/span><\/a><\/p>\n","protected":false},"author":3,"featured_media":0,"comment_status":"closed","ping_status":"closed","sticky":false,"template":"","format":"standard","meta":{"ip_address":"","user_agent":"","level":"","revision":"","cookie_id":"","page_referer":"","html_form":""},"categories":[239],"tags":[],"acf":{"occhiello":"","sottotitolo":"","hide_wp_ba":false},"yoast_head":"<!-- This site is optimized with the Yoast SEO plugin v17.6 - https:\/\/yoast.com\/wordpress\/plugins\/seo\/ -->\n<title>Salmo invitatorio - Preghiera Paolina<\/title>\n<meta name=\"robots\" content=\"index, follow, max-snippet:-1, max-image-preview:large, max-video-preview:-1\" \/>\n<link rel=\"canonical\" href=\"https:\/\/www.famigliapaolina.net\/preghierapaolina\/salmo-invitatorio\/\" \/>\n<meta property=\"og:locale\" content=\"it_IT\" \/>\n<meta property=\"og:type\" content=\"article\" \/>\n<meta property=\"og:title\" content=\"Salmo invitatorio - Preghiera Paolina\" \/>\n<meta property=\"og:description\" content=\"La ant\u00edfona es la indicada en el propio. Salmo 94 Invitaci\u00f3n a la alabanza divina Animaos los unos a los otros, d\u00eda tras d\u00eda, mientras dure este \u00abhoy\u00bb (Hb 3, 13) Venid, aclamemos al Se\u00f1or, demos v\u00edtores a la Roca que nos salva; entremos en su presencia d\u00e1ndole gracias, aclam\u00e1ndolo con cantos. (Ant.) Porque el Se\u00f1or es un Dios grande, soberano de todos los dioses: &hellip; Continua a leggere Salmo invitatorio &raquo;\" \/>\n<meta property=\"og:url\" content=\"https:\/\/www.famigliapaolina.net\/preghierapaolina\/salmo-invitatorio\/?lang=es\" \/>\n<meta property=\"og:site_name\" content=\"Preghiera Paolina\" \/>\n<meta property=\"article:published_time\" content=\"2021-10-30T07:46:13+00:00\" \/>\n<meta property=\"article:modified_time\" content=\"2021-12-28T15:57:23+00:00\" \/>\n<meta name=\"twitter:card\" content=\"summary_large_image\" \/>\n<meta name=\"twitter:label1\" content=\"Scritto da\" \/>\n\t<meta name=\"twitter:data1\" content=\"paoline\" \/>\n\t<meta name=\"twitter:label2\" content=\"Tempo di lettura stimato\" \/>\n\t<meta name=\"twitter:data2\" content=\"4 minuti\" \/>\n<script type=\"application\/ld+json\" class=\"yoast-schema-graph\">{\"@context\":\"https:\/\/schema.org\",\"@graph\":[{\"@type\":\"WebSite\",\"@id\":\"https:\/\/www.famigliapaolina.net\/preghierapaolina\/#website\",\"url\":\"https:\/\/www.famigliapaolina.net\/preghierapaolina\/\",\"name\":\"Preghiera Paolina\",\"description\":\"\",\"potentialAction\":[{\"@type\":\"SearchAction\",\"target\":{\"@type\":\"EntryPoint\",\"urlTemplate\":\"https:\/\/www.famigliapaolina.net\/preghierapaolina\/?s={search_term_string}\"},\"query-input\":\"required name=search_term_string\"}],\"inLanguage\":\"it-IT\"},{\"@type\":\"WebPage\",\"@id\":\"https:\/\/www.famigliapaolina.net\/preghierapaolina\/salmo-invitatorio\/?lang=es#webpage\",\"url\":\"https:\/\/www.famigliapaolina.net\/preghierapaolina\/salmo-invitatorio\/?lang=es\",\"name\":\"Salmo invitatorio - Preghiera Paolina\",\"isPartOf\":{\"@id\":\"https:\/\/www.famigliapaolina.net\/preghierapaolina\/#website\"},\"datePublished\":\"2021-10-30T07:46:13+00:00\",\"dateModified\":\"2021-12-28T15:57:23+00:00\",\"author\":{\"@id\":\"https:\/\/www.famigliapaolina.net\/preghierapaolina\/#\/schema\/person\/73891e28668f39da39ef78163e7d3de7\"},\"breadcrumb\":{\"@id\":\"https:\/\/www.famigliapaolina.net\/preghierapaolina\/salmo-invitatorio\/?lang=es#breadcrumb\"},\"inLanguage\":\"it-IT\",\"potentialAction\":[{\"@type\":\"ReadAction\",\"target\":[\"https:\/\/www.famigliapaolina.net\/preghierapaolina\/salmo-invitatorio\/?lang=es\"]}]},{\"@type\":\"BreadcrumbList\",\"@id\":\"https:\/\/www.famigliapaolina.net\/preghierapaolina\/salmo-invitatorio\/?lang=es#breadcrumb\",\"itemListElement\":[{\"@type\":\"ListItem\",\"position\":1,\"name\":\"Home\",\"item\":\"https:\/\/www.famigliapaolina.net\/preghierapaolina\/\"},{\"@type\":\"ListItem\",\"position\":2,\"name\":\"Salmo invitatorio\"}]},{\"@type\":\"Person\",\"@id\":\"https:\/\/www.famigliapaolina.net\/preghierapaolina\/#\/schema\/person\/73891e28668f39da39ef78163e7d3de7\",\"name\":\"paoline\",\"image\":{\"@type\":\"ImageObject\",\"@id\":\"https:\/\/www.famigliapaolina.net\/preghierapaolina\/#personlogo\",\"inLanguage\":\"it-IT\",\"url\":\"https:\/\/secure.gravatar.com\/avatar\/6695690c4ec527861b4e24be9f7fdab6?s=96&d=mm&r=g\",\"contentUrl\":\"https:\/\/secure.gravatar.com\/avatar\/6695690c4ec527861b4e24be9f7fdab6?s=96&d=mm&r=g\",\"caption\":\"paoline\"},\"url\":\"https:\/\/www.famigliapaolina.net\/preghierapaolina\/author\/paoline\/\"}]}<\/script>\n<!-- \/ Yoast SEO plugin. -->","yoast_head_json":{"title":"Salmo invitatorio - Preghiera Paolina","robots":{"index":"index","follow":"follow","max-snippet":"max-snippet:-1","max-image-preview":"max-image-preview:large","max-video-preview":"max-video-preview:-1"},"canonical":"https:\/\/www.famigliapaolina.net\/preghierapaolina\/salmo-invitatorio\/","og_locale":"it_IT","og_type":"article","og_title":"Salmo invitatorio - Preghiera Paolina","og_description":"La ant\u00edfona es la indicada en el propio. Salmo 94 Invitaci\u00f3n a la alabanza divina Animaos los unos a los otros, d\u00eda tras d\u00eda, mientras dure este \u00abhoy\u00bb (Hb 3, 13) Venid, aclamemos al Se\u00f1or, demos v\u00edtores a la Roca que nos salva; entremos en su presencia d\u00e1ndole gracias, aclam\u00e1ndolo con cantos. (Ant.) Porque el Se\u00f1or es un Dios grande, soberano de todos los dioses: &hellip; Continua a leggere Salmo invitatorio &raquo;","og_url":"https:\/\/www.famigliapaolina.net\/preghierapaolina\/salmo-invitatorio\/?lang=es","og_site_name":"Preghiera Paolina","article_published_time":"2021-10-30T07:46:13+00:00","article_modified_time":"2021-12-28T15:57:23+00:00","twitter_card":"summary_large_image","twitter_misc":{"Scritto da":"paoline","Tempo di lettura stimato":"4 minuti"},"schema":{"@context":"https:\/\/schema.org","@graph":[{"@type":"WebSite","@id":"https:\/\/www.famigliapaolina.net\/preghierapaolina\/#website","url":"https:\/\/www.famigliapaolina.net\/preghierapaolina\/","name":"Preghiera Paolina","description":"","potentialAction":[{"@type":"SearchAction","target":{"@type":"EntryPoint","urlTemplate":"https:\/\/www.famigliapaolina.net\/preghierapaolina\/?s={search_term_string}"},"query-input":"required name=search_term_string"}],"inLanguage":"it-IT"},{"@type":"WebPage","@id":"https:\/\/www.famigliapaolina.net\/preghierapaolina\/salmo-invitatorio\/?lang=es#webpage","url":"https:\/\/www.famigliapaolina.net\/preghierapaolina\/salmo-invitatorio\/?lang=es","name":"Salmo invitatorio - Preghiera Paolina","isPartOf":{"@id":"https:\/\/www.famigliapaolina.net\/preghierapaolina\/#website"},"datePublished":"2021-10-30T07:46:13+00:00","dateModified":"2021-12-28T15:57:23+00:00","author":{"@id":"https:\/\/www.famigliapaolina.net\/preghierapaolina\/#\/schema\/person\/73891e28668f39da39ef78163e7d3de7"},"breadcrumb":{"@id":"https:\/\/www.famigliapaolina.net\/preghierapaolina\/salmo-invitatorio\/?lang=es#breadcrumb"},"inLanguage":"it-IT","potentialAction":[{"@type":"ReadAction","target":["https:\/\/www.famigliapaolina.net\/preghierapaolina\/salmo-invitatorio\/?lang=es"]}]},{"@type":"BreadcrumbList","@id":"https:\/\/www.famigliapaolina.net\/preghierapaolina\/salmo-invitatorio\/?lang=es#breadcrumb","itemListElement":[{"@type":"ListItem","position":1,"name":"Home","item":"https:\/\/www.famigliapaolina.net\/preghierapaolina\/"},{"@type":"ListItem","position":2,"name":"Salmo invitatorio"}]},{"@type":"Person","@id":"https:\/\/www.famigliapaolina.net\/preghierapaolina\/#\/schema\/person\/73891e28668f39da39ef78163e7d3de7","name":"paoline","image":{"@type":"ImageObject","@id":"https:\/\/www.famigliapaolina.net\/preghierapaolina\/#personlogo","inLanguage":"it-IT","url":"https:\/\/secure.gravatar.com\/avatar\/6695690c4ec527861b4e24be9f7fdab6?s=96&d=mm&r=g","contentUrl":"https:\/\/secure.gravatar.com\/avatar\/6695690c4ec527861b4e24be9f7fdab6?s=96&d=mm&r=g","caption":"paoline"},"url":"https:\/\/www.famigliapaolina.net\/preghierapaolina\/author\/paoline\/"}]}},"featured_media_src_url":null,"wpml_current_locale":"es_ES","wpml_translations":[{"locale":"it_IT","id":467,"post_title":"Salmo invitatorio","href":"https:\/\/www.famigliapaolina.net\/preghierapaolina\/salmo-invitatorio\/"}],"_links":{"self":[{"href":"https:\/\/www.famigliapaolina.net\/preghierapaolina\/wp-json\/wp\/v2\/posts\/724"}],"collection":[{"href":"https:\/\/www.famigliapaolina.net\/preghierapaolina\/wp-json\/wp\/v2\/posts"}],"about":[{"href":"https:\/\/www.famigliapaolina.net\/preghierapaolina\/wp-json\/wp\/v2\/types\/post"}],"author":[{"embeddable":true,"href":"https:\/\/www.famigliapaolina.net\/preghierapaolina\/wp-json\/wp\/v2\/users\/3"}],"replies":[{"embeddable":true,"href":"https:\/\/www.famigliapaolina.net\/preghierapaolina\/wp-json\/wp\/v2\/comments?post=724"}],"version-history":[{"count":3,"href":"https:\/\/www.famigliapaolina.net\/preghierapaolina\/wp-json\/wp\/v2\/posts\/724\/revisions"}],"predecessor-version":[{"id":729,"href":"https:\/\/www.famigliapaolina.net\/preghierapaolina\/wp-json\/wp\/v2\/posts\/724\/revisions\/729"}],"wp:attachment":[{"href":"https:\/\/www.famigliapaolina.net\/preghierapaolina\/wp-json\/wp\/v2\/media?parent=724"}],"wp:term":[{"taxonomy":"category","embeddable":true,"href":"https:\/\/www.famigliapaolina.net\/preghierapaolina\/wp-json\/wp\/v2\/categories?post=724"},{"taxonomy":"post_tag","embeddable":true,"href":"https:\/\/www.famigliapaolina.net\/preghierapaolina\/wp-json\/wp\/v2\/tags?post=724"}],"curies":[{"name":"wp","href":"https:\/\/api.w.org\/{rel}","templated":true}]}}